{"id":8058,"date":"2023-04-07T14:00:00","date_gmt":"2023-04-07T13:00:00","guid":{"rendered":"https:\/\/barcelona.wordcamp.org\/2023\/?p=8058"},"modified":"2023-04-14T12:39:07","modified_gmt":"2023-04-14T11:39:07","slug":"explorando-catalunya","status":"publish","type":"post","link":"https:\/\/barcelona.wordcamp.org\/2023\/explorando-catalunya\/","title":{"rendered":"Explorando Catalunya"},"content":{"rendered":"\n<p class=\"wp-block-paragraph\"><\/p>\n\n\n\n<p class=\"wp-block-paragraph\">\u00a1Bienvenidos a Catalunya!<\/p>\n\n\n\n<p class=\"wp-block-paragraph\">Si vas a visitar la WordCamp Barcelona y quieres aprovechar para hacer un poco de turismo, te invitamos a descubrir algunas de las maravillas de esta regi\u00f3n. Te presentamos una lista de lugares y actividades recomendadas para disfrutar al m\u00e1ximo de tu visita. \u263a<\/p>\n\n\n\n<div class=\"wp-block-group alignwide is-layout-constrained wp-block-group-is-layout-constrained\">\n<h2 class=\"wp-block-heading\">Lleida<\/h2>\n\n\n\n<div class=\"wp-block-media-text alignwide is-stacked-on-mobile\"><figure class=\"wp-block-media-text__media\"><img loading=\"lazy\" decoding=\"async\" width=\"1024\" height=\"576\" src=\"https:\/\/barcelona.wordcamp.org\/2023\/files\/2023\/04\/2-1024x576.png\" alt=\"\" class=\"wp-image-8134 size-full\" srcset=\"https:\/\/barcelona.wordcamp.org\/2023\/files\/2023\/04\/2-1024x576.png 1024w, https:\/\/barcelona.wordcamp.org\/2023\/files\/2023\/04\/2-300x169.png 300w, https:\/\/barcelona.wordcamp.org\/2023\/files\/2023\/04\/2-768x432.png 768w, https:\/\/barcelona.wordcamp.org\/2023\/files\/2023\/04\/2-500x281.png 500w, https:\/\/barcelona.wordcamp.org\/2023\/files\/2023\/04\/2-1536x864.png 1536w, https:\/\/barcelona.wordcamp.org\/2023\/files\/2023\/04\/2.png 1600w\" sizes=\"auto, (max-width: 1024px) 100vw, 1024px\" \/><\/figure><div class=\"wp-block-media-text__content\">\n<p class=\"wp-block-paragraph\"><br><strong>Lleida <\/strong><\/p>\n\n\n\n<p class=\"wp-block-paragraph\">La ciudad de Lleida es una mezcla de historia y modernidad. En tu visita, no puedes perderte la Seu Vella, una catedral g\u00f3tica que data del siglo XIII y que ofrece unas vistas panor\u00e1micas impresionantes de la ciudad. Tambi\u00e9n vale la pena visitar el Museu de Lleida y el Parc de la Mitjana para una caminata relajante.<\/p>\n<\/div><\/div>\n\n\n\n<div class=\"wp-block-media-text alignwide has-media-on-the-right is-stacked-on-mobile\"><div class=\"wp-block-media-text__content\">\n<p class=\"wp-block-paragraph\"><br><strong>Aiguabarreig del Segre-Cinca<\/strong><\/p>\n\n\n\n<p class=\"wp-block-paragraph\">Situado cerca de la ciudad de Lleida, l&#8217;Aiguabarreig es un espacio natural protegido donde confluyen los r\u00edos Cinca, Segre y Ebro. En abril, podr\u00e1s disfrutar de los paisajes verdes y floridos mientras observas una gran variedad de aves en este importante punto de encuentro para la vida silvestre.<\/p>\n<\/div><figure class=\"wp-block-media-text__media\"><img loading=\"lazy\" decoding=\"async\" width=\"1024\" height=\"576\" src=\"https:\/\/barcelona.wordcamp.org\/2023\/files\/2023\/04\/4-1024x576.png\" alt=\"\" class=\"wp-image-8136 size-full\" srcset=\"https:\/\/barcelona.wordcamp.org\/2023\/files\/2023\/04\/4-1024x576.png 1024w, https:\/\/barcelona.wordcamp.org\/2023\/files\/2023\/04\/4-300x169.png 300w, https:\/\/barcelona.wordcamp.org\/2023\/files\/2023\/04\/4-768x432.png 768w, https:\/\/barcelona.wordcamp.org\/2023\/files\/2023\/04\/4-500x281.png 500w, https:\/\/barcelona.wordcamp.org\/2023\/files\/2023\/04\/4-1536x864.png 1536w, https:\/\/barcelona.wordcamp.org\/2023\/files\/2023\/04\/4.png 1600w\" sizes=\"auto, (max-width: 1024px) 100vw, 1024px\" \/><\/figure><\/div>\n\n\n\n<div class=\"wp-block-media-text alignwide is-stacked-on-mobile\"><figure class=\"wp-block-media-text__media\"><img loading=\"lazy\" decoding=\"async\" width=\"1024\" height=\"576\" src=\"https:\/\/barcelona.wordcamp.org\/2023\/files\/2023\/04\/3-1024x576.png\" alt=\"\" class=\"wp-image-8135 size-full\" srcset=\"https:\/\/barcelona.wordcamp.org\/2023\/files\/2023\/04\/3-1024x576.png 1024w, https:\/\/barcelona.wordcamp.org\/2023\/files\/2023\/04\/3-300x169.png 300w, https:\/\/barcelona.wordcamp.org\/2023\/files\/2023\/04\/3-768x432.png 768w, https:\/\/barcelona.wordcamp.org\/2023\/files\/2023\/04\/3-500x281.png 500w, https:\/\/barcelona.wordcamp.org\/2023\/files\/2023\/04\/3-1536x864.png 1536w, https:\/\/barcelona.wordcamp.org\/2023\/files\/2023\/04\/3.png 1600w\" sizes=\"auto, (max-width: 1024px) 100vw, 1024px\" \/><\/figure><div class=\"wp-block-media-text__content\">\n<p class=\"wp-block-paragraph\"><strong>\u00c0ger<br><\/strong>\u00c0ger es un peque\u00f1o pueblo situado en un entorno natural espectacular. Aprovecha para practicar actividades al aire libre como senderismo, parapente o escalada. Tambi\u00e9n puedes visitar el Observatorio Astron\u00f3mico del Montsec, que ofrece actividades y talleres relacionados con la astronom\u00eda.<\/p>\n\n\n\n<p class=\"wp-block-paragraph\"><\/p>\n<\/div><\/div>\n\n\n\n<div class=\"wp-block-media-text alignwide has-media-on-the-right is-stacked-on-mobile\"><div class=\"wp-block-media-text__content\">\n<p class=\"wp-block-paragraph\"><strong>Penelles<br><\/strong>Visita Penelles, un encantador pueblo conocido por sus murales y arte callejero. Durante el Festival GarGar, artistas de todo el mundo vienen a decorar las paredes de las casas con obras de arte \u00fanicas. Recorre las calles de Penelles y disfruta de este museo al aire libre.<\/p>\n\n\n\n<p class=\"wp-block-paragraph\"><\/p>\n<\/div><figure class=\"wp-block-media-text__media\"><img loading=\"lazy\" decoding=\"async\" width=\"1024\" height=\"576\" src=\"https:\/\/barcelona.wordcamp.org\/2023\/files\/2023\/04\/1-1024x576.png\" alt=\"\" class=\"wp-image-8137 size-full\" srcset=\"https:\/\/barcelona.wordcamp.org\/2023\/files\/2023\/04\/1-1024x576.png 1024w, https:\/\/barcelona.wordcamp.org\/2023\/files\/2023\/04\/1-300x169.png 300w, https:\/\/barcelona.wordcamp.org\/2023\/files\/2023\/04\/1-768x432.png 768w, https:\/\/barcelona.wordcamp.org\/2023\/files\/2023\/04\/1-500x281.png 500w, https:\/\/barcelona.wordcamp.org\/2023\/files\/2023\/04\/1-1536x864.png 1536w, https:\/\/barcelona.wordcamp.org\/2023\/files\/2023\/04\/1.png 1600w\" sizes=\"auto, (max-width: 1024px) 100vw, 1024px\" \/><\/figure><\/div>\n<\/div>\n\n\n\n<div class=\"wp-block-group alignwide is-layout-constrained wp-block-group-is-layout-constrained\">\n<h2 class=\"wp-block-heading\">Tarragona<\/h2>\n\n\n\n<div class=\"wp-block-media-text alignwide is-stacked-on-mobile\"><figure class=\"wp-block-media-text__media\"><img loading=\"lazy\" decoding=\"async\" width=\"1600\" height=\"900\" src=\"https:\/\/barcelona.wordcamp.org\/2023\/files\/2023\/04\/6-1024x576.png\" alt=\"\" class=\"wp-image-8138 size-full\" srcset=\"https:\/\/barcelona.wordcamp.org\/2023\/files\/2023\/04\/6-1024x576.png 1024w, https:\/\/barcelona.wordcamp.org\/2023\/files\/2023\/04\/6-300x169.png 300w, https:\/\/barcelona.wordcamp.org\/2023\/files\/2023\/04\/6-768x432.png 768w, https:\/\/barcelona.wordcamp.org\/2023\/files\/2023\/04\/6-500x281.png 500w, https:\/\/barcelona.wordcamp.org\/2023\/files\/2023\/04\/6-1536x864.png 1536w, https:\/\/barcelona.wordcamp.org\/2023\/files\/2023\/04\/6.png 1600w\" sizes=\"auto, (max-width: 1600px) 100vw, 1600px\" \/><\/figure><div class=\"wp-block-media-text__content\">\n<p class=\"wp-block-paragraph\"><br><strong>Ruinas romanas<\/strong><\/p>\n\n\n\n<p class=\"wp-block-paragraph\">Tarragona es una ciudad rica en historia y patrimonio, especialmente de la \u00e9poca romana. No te pierdas el Anfiteatro, el Circo Romano, la Muralla y el Acueducto de les Ferreres, conocido tambi\u00e9n como Pont del Diable.<\/p>\n\n\n\n<p class=\"wp-block-paragraph\"><\/p>\n<\/div><\/div>\n\n\n\n<div class=\"wp-block-media-text alignwide has-media-on-the-right is-stacked-on-mobile\"><div class=\"wp-block-media-text__content\">\n<p class=\"wp-block-paragraph\"><strong>Ruta del C\u00edster<br><\/strong>La Ruta del C\u00edster es un itinerario que te lleva a visitar tres impresionantes monasterios cistercienses: Santes Creus, Poblet y Vallbona de les Monges. A lo largo de la ruta, podr\u00e1s apreciar la belleza y la arquitectura de estos monumentos, as\u00ed como disfrutar del paisaje rural que los rodea.<\/p>\n\n\n\n<p class=\"wp-block-paragraph\"><\/p>\n<\/div><figure class=\"wp-block-media-text__media\"><img loading=\"lazy\" decoding=\"async\" width=\"1024\" height=\"576\" src=\"https:\/\/barcelona.wordcamp.org\/2023\/files\/2023\/04\/5-1024x576.png\" alt=\"\" class=\"wp-image-8139 size-full\" srcset=\"https:\/\/barcelona.wordcamp.org\/2023\/files\/2023\/04\/5-1024x576.png 1024w, https:\/\/barcelona.wordcamp.org\/2023\/files\/2023\/04\/5-300x169.png 300w, https:\/\/barcelona.wordcamp.org\/2023\/files\/2023\/04\/5-768x432.png 768w, https:\/\/barcelona.wordcamp.org\/2023\/files\/2023\/04\/5-500x281.png 500w, https:\/\/barcelona.wordcamp.org\/2023\/files\/2023\/04\/5-1536x864.png 1536w, https:\/\/barcelona.wordcamp.org\/2023\/files\/2023\/04\/5.png 1600w\" sizes=\"auto, (max-width: 1024px) 100vw, 1024px\" \/><\/figure><\/div>\n\n\n\n<div class=\"wp-block-media-text alignwide is-stacked-on-mobile\"><figure class=\"wp-block-media-text__media\"><img loading=\"lazy\" decoding=\"async\" width=\"1024\" height=\"576\" src=\"https:\/\/barcelona.wordcamp.org\/2023\/files\/2023\/04\/7-1024x576.png\" alt=\"\" class=\"wp-image-8140 size-full\" srcset=\"https:\/\/barcelona.wordcamp.org\/2023\/files\/2023\/04\/7-1024x576.png 1024w, https:\/\/barcelona.wordcamp.org\/2023\/files\/2023\/04\/7-300x169.png 300w, https:\/\/barcelona.wordcamp.org\/2023\/files\/2023\/04\/7-768x432.png 768w, https:\/\/barcelona.wordcamp.org\/2023\/files\/2023\/04\/7-500x281.png 500w, https:\/\/barcelona.wordcamp.org\/2023\/files\/2023\/04\/7-1536x864.png 1536w, https:\/\/barcelona.wordcamp.org\/2023\/files\/2023\/04\/7.png 1600w\" sizes=\"auto, (max-width: 1024px) 100vw, 1024px\" \/><\/figure><div class=\"wp-block-media-text__content\">\n<p class=\"wp-block-paragraph\"><strong>Parc Natural del Delta de l&#8217;Ebre<br><\/strong>El Parc Natural del Delta de l&#8217;Ebre es una extensa \u00e1rea de humedales y uno de los ecosistemas m\u00e1s importantes del Mediterr\u00e1neo. Es el h\u00e1bitat de numerosas especies de aves y ofrece actividades como observaci\u00f3n de aves, paseos en barco y rutas en bicicleta.<\/p>\n\n\n\n<p class=\"wp-block-paragraph\"><\/p>\n<\/div><\/div>\n\n\n\n<div class=\"wp-block-media-text alignwide has-media-on-the-right is-stacked-on-mobile\"><div class=\"wp-block-media-text__content\">\n<p class=\"wp-block-paragraph\"><strong>Castell de Miravet<\/strong><\/p>\n\n\n\n<p class=\"wp-block-paragraph\">El Castell de Miravet es una fortaleza situada en un acantilado sobre el r\u00edo Ebro. Este castillo medieval, construido por los musulmanes en el siglo IX y reconquistado por los cristianos en el siglo XII, ofrece unas vistas espectaculares del r\u00edo y los alrededores. No te pierdas la oportunidad de recorrer sus estrechas calles empedradas y descubrir su historia.<\/p>\n<\/div><figure class=\"wp-block-media-text__media\"><img loading=\"lazy\" decoding=\"async\" width=\"1024\" height=\"576\" src=\"https:\/\/barcelona.wordcamp.org\/2023\/files\/2023\/04\/8-1024x576.png\" alt=\"\" class=\"wp-image-8141 size-full\" srcset=\"https:\/\/barcelona.wordcamp.org\/2023\/files\/2023\/04\/8-1024x576.png 1024w, https:\/\/barcelona.wordcamp.org\/2023\/files\/2023\/04\/8-300x169.png 300w, https:\/\/barcelona.wordcamp.org\/2023\/files\/2023\/04\/8-768x432.png 768w, https:\/\/barcelona.wordcamp.org\/2023\/files\/2023\/04\/8-500x281.png 500w, https:\/\/barcelona.wordcamp.org\/2023\/files\/2023\/04\/8-1536x864.png 1536w, https:\/\/barcelona.wordcamp.org\/2023\/files\/2023\/04\/8.png 1600w\" sizes=\"auto, (max-width: 1024px) 100vw, 1024px\" \/><\/figure><\/div>\n<\/div>\n\n\n\n<div class=\"wp-block-group alignwide is-layout-constrained wp-block-group-is-layout-constrained\">\n<h2 class=\"wp-block-heading\">Girona<\/h2>\n\n\n\n<div class=\"wp-block-media-text alignwide is-stacked-on-mobile\"><figure class=\"wp-block-media-text__media\"><img loading=\"lazy\" decoding=\"async\" width=\"1024\" height=\"576\" src=\"https:\/\/barcelona.wordcamp.org\/2023\/files\/2023\/04\/9-1024x576.png\" alt=\"\" class=\"wp-image-8143 size-full\" srcset=\"https:\/\/barcelona.wordcamp.org\/2023\/files\/2023\/04\/9-1024x576.png 1024w, https:\/\/barcelona.wordcamp.org\/2023\/files\/2023\/04\/9-300x169.png 300w, https:\/\/barcelona.wordcamp.org\/2023\/files\/2023\/04\/9-768x432.png 768w, https:\/\/barcelona.wordcamp.org\/2023\/files\/2023\/04\/9-500x281.png 500w, https:\/\/barcelona.wordcamp.org\/2023\/files\/2023\/04\/9-1536x864.png 1536w, https:\/\/barcelona.wordcamp.org\/2023\/files\/2023\/04\/9.png 1600w\" sizes=\"auto, (max-width: 1024px) 100vw, 1024px\" \/><\/figure><div class=\"wp-block-media-text__content\">\n<p class=\"wp-block-paragraph\"><br><strong>Ciudad de Girona<\/strong><\/p>\n\n\n\n<p class=\"wp-block-paragraph\">Girona es una ciudad con un casco antiguo bien conservado y una rica historia. Pasea por sus estrechas calles empedradas, visita la Catedral y la Bas\u00edlica de Sant Feliu, y camina por las murallas que rodean la ciudad.<\/p>\n\n\n\n<p class=\"wp-block-paragraph\"><\/p>\n<\/div><\/div>\n\n\n\n<div class=\"wp-block-media-text alignwide has-media-on-the-right is-stacked-on-mobile\"><div class=\"wp-block-media-text__content\">\n<p class=\"wp-block-paragraph\"><br><strong>Cadaqu\u00e9s<br><\/strong><\/p>\n\n\n\n<p class=\"wp-block-paragraph\">Cadaqu\u00e9s es un pintoresco pueblo de pescadores en la Costa Brava, famoso por ser el hogar de Salvador Dal\u00ed. Visita la Casa-Museo Dal\u00ed y disfruta de las playas y calas de la zona.<\/p>\n<\/div><figure class=\"wp-block-media-text__media\"><img loading=\"lazy\" decoding=\"async\" width=\"1024\" height=\"576\" src=\"https:\/\/barcelona.wordcamp.org\/2023\/files\/2023\/04\/11-1024x576.png\" alt=\"\" class=\"wp-image-8142 size-full\" srcset=\"https:\/\/barcelona.wordcamp.org\/2023\/files\/2023\/04\/11-1024x576.png 1024w, https:\/\/barcelona.wordcamp.org\/2023\/files\/2023\/04\/11-300x169.png 300w, https:\/\/barcelona.wordcamp.org\/2023\/files\/2023\/04\/11-768x432.png 768w, https:\/\/barcelona.wordcamp.org\/2023\/files\/2023\/04\/11-500x281.png 500w, https:\/\/barcelona.wordcamp.org\/2023\/files\/2023\/04\/11-1536x864.png 1536w, https:\/\/barcelona.wordcamp.org\/2023\/files\/2023\/04\/11.png 1600w\" sizes=\"auto, (max-width: 1024px) 100vw, 1024px\" \/><\/figure><\/div>\n\n\n\n<div class=\"wp-block-media-text alignwide is-stacked-on-mobile\"><figure class=\"wp-block-media-text__media\"><img loading=\"lazy\" decoding=\"async\" width=\"1024\" height=\"576\" src=\"https:\/\/barcelona.wordcamp.org\/2023\/files\/2023\/04\/12-1024x576.png\" alt=\"\" class=\"wp-image-8145 size-full\" srcset=\"https:\/\/barcelona.wordcamp.org\/2023\/files\/2023\/04\/12-1024x576.png 1024w, https:\/\/barcelona.wordcamp.org\/2023\/files\/2023\/04\/12-300x169.png 300w, https:\/\/barcelona.wordcamp.org\/2023\/files\/2023\/04\/12-768x432.png 768w, https:\/\/barcelona.wordcamp.org\/2023\/files\/2023\/04\/12-500x281.png 500w, https:\/\/barcelona.wordcamp.org\/2023\/files\/2023\/04\/12-1536x864.png 1536w, https:\/\/barcelona.wordcamp.org\/2023\/files\/2023\/04\/12.png 1600w\" sizes=\"auto, (max-width: 1024px) 100vw, 1024px\" \/><\/figure><div class=\"wp-block-media-text__content\">\n<p class=\"wp-block-paragraph\"><strong>Zona volc\u00e1nica de la Garrotxa<\/strong><\/p>\n\n\n\n<p class=\"wp-block-paragraph\">La zona volc\u00e1nica de la Garrotxa es un parque natural con m\u00e1s de 40 conos volc\u00e1nicos y una gran diversidad de paisajes. Realiza senderismo por sus rutas y admira la belleza de sus bosques y prados.<\/p>\n<\/div><\/div>\n\n\n\n<div class=\"wp-block-media-text alignwide has-media-on-the-right is-stacked-on-mobile\"><div class=\"wp-block-media-text__content\">\n<p class=\"wp-block-paragraph\"><strong>Monasterio de Sant Pere de Rodes<\/strong><\/p>\n\n\n\n<p class=\"wp-block-paragraph\">El Monasterio de Sant Pere de Rodes es una joya arquitect\u00f3nica del rom\u00e1nico catal\u00e1n situada en el Parque Natural de Cap de Creus. Este antiguo monasterio benedictino, construido entre los siglos X y XI, ofrece unas vistas impresionantes del mar Mediterr\u00e1neo y el paisaje monta\u00f1oso. Adem\u00e1s de visitar el monasterio, puedes aprovechar para explorar los senderos que lo rodean y disfrutar de la naturaleza.<\/p>\n<\/div><figure class=\"wp-block-media-text__media\"><img loading=\"lazy\" decoding=\"async\" width=\"1024\" height=\"576\" src=\"https:\/\/barcelona.wordcamp.org\/2023\/files\/2023\/04\/10-1024x576.png\" alt=\"\" class=\"wp-image-8144 size-full\" srcset=\"https:\/\/barcelona.wordcamp.org\/2023\/files\/2023\/04\/10-1024x576.png 1024w, https:\/\/barcelona.wordcamp.org\/2023\/files\/2023\/04\/10-300x169.png 300w, https:\/\/barcelona.wordcamp.org\/2023\/files\/2023\/04\/10-768x432.png 768w, https:\/\/barcelona.wordcamp.org\/2023\/files\/2023\/04\/10-500x281.png 500w, https:\/\/barcelona.wordcamp.org\/2023\/files\/2023\/04\/10-1536x864.png 1536w, https:\/\/barcelona.wordcamp.org\/2023\/files\/2023\/04\/10.png 1600w\" sizes=\"auto, (max-width: 1024px) 100vw, 1024px\" \/><\/figure><\/div>\n<\/div>\n\n\n\n<div class=\"wp-block-group alignwide is-layout-constrained wp-block-group-is-layout-constrained\">\n<h2 class=\"wp-block-heading\">Barcelona<\/h2>\n\n\n\n<div class=\"wp-block-media-text alignwide is-stacked-on-mobile\"><figure class=\"wp-block-media-text__media\"><img loading=\"lazy\" decoding=\"async\" width=\"1024\" height=\"576\" src=\"https:\/\/barcelona.wordcamp.org\/2023\/files\/2023\/04\/13-1024x576.png\" alt=\"\" class=\"wp-image-8146 size-full\" srcset=\"https:\/\/barcelona.wordcamp.org\/2023\/files\/2023\/04\/13-1024x576.png 1024w, https:\/\/barcelona.wordcamp.org\/2023\/files\/2023\/04\/13-300x169.png 300w, https:\/\/barcelona.wordcamp.org\/2023\/files\/2023\/04\/13-768x432.png 768w, https:\/\/barcelona.wordcamp.org\/2023\/files\/2023\/04\/13-500x281.png 500w, https:\/\/barcelona.wordcamp.org\/2023\/files\/2023\/04\/13-1536x864.png 1536w, https:\/\/barcelona.wordcamp.org\/2023\/files\/2023\/04\/13.png 1600w\" sizes=\"auto, (max-width: 1024px) 100vw, 1024px\" \/><\/figure><div class=\"wp-block-media-text__content\">\n<p class=\"wp-block-paragraph\"><br><strong>Montserrat<\/strong><\/p>\n\n\n\n<p class=\"wp-block-paragraph\">Montserrat es una monta\u00f1a ic\u00f3nica cerca de Barcelona, conocida por su monasterio y su bas\u00edlica. Aqu\u00ed podr\u00e1s admirar la famosa Virgen de Montserrat, conocida como &#8220;La Moreneta&#8221;, y disfrutar de las vistas panor\u00e1micas del paisaje monta\u00f1oso y los valles circundantes. Adem\u00e1s, Montserrat cuenta con varias rutas de senderismo para todos los niveles de dificultad.<\/p>\n\n\n\n<p class=\"wp-block-paragraph\"><\/p>\n<\/div><\/div>\n\n\n\n<div class=\"wp-block-media-text alignwide has-media-on-the-right is-stacked-on-mobile\"><div class=\"wp-block-media-text__content\">\n<p class=\"wp-block-paragraph\"><strong>Sitges<\/strong><\/p>\n\n\n\n<p class=\"wp-block-paragraph\">Sitges es una ciudad costera a pocos kil\u00f3metros de Barcelona, famosa por sus playas, su animado ambiente y su arquitectura modernista. Pasea por el Passeig Mar\u00edtim, visita el Museo Cau Ferrat y disfruta de la gastronom\u00eda local en sus numerosos restaurantes y bares.<\/p>\n<\/div><figure class=\"wp-block-media-text__media\"><img loading=\"lazy\" decoding=\"async\" width=\"1024\" height=\"576\" src=\"https:\/\/barcelona.wordcamp.org\/2023\/files\/2023\/04\/14-1024x576.png\" alt=\"\" class=\"wp-image-8148 size-full\" srcset=\"https:\/\/barcelona.wordcamp.org\/2023\/files\/2023\/04\/14-1024x576.png 1024w, https:\/\/barcelona.wordcamp.org\/2023\/files\/2023\/04\/14-300x169.png 300w, https:\/\/barcelona.wordcamp.org\/2023\/files\/2023\/04\/14-768x432.png 768w, https:\/\/barcelona.wordcamp.org\/2023\/files\/2023\/04\/14-500x281.png 500w, https:\/\/barcelona.wordcamp.org\/2023\/files\/2023\/04\/14-1536x864.png 1536w, https:\/\/barcelona.wordcamp.org\/2023\/files\/2023\/04\/14.png 1600w\" sizes=\"auto, (max-width: 1024px) 100vw, 1024px\" \/><\/figure><\/div>\n\n\n\n<div class=\"wp-block-media-text alignwide is-stacked-on-mobile\"><figure class=\"wp-block-media-text__media\"><img loading=\"lazy\" decoding=\"async\" width=\"1024\" height=\"576\" src=\"https:\/\/barcelona.wordcamp.org\/2023\/files\/2023\/04\/15-1024x576.png\" alt=\"\" class=\"wp-image-8149 size-full\" srcset=\"https:\/\/barcelona.wordcamp.org\/2023\/files\/2023\/04\/15-1024x576.png 1024w, https:\/\/barcelona.wordcamp.org\/2023\/files\/2023\/04\/15-300x169.png 300w, https:\/\/barcelona.wordcamp.org\/2023\/files\/2023\/04\/15-768x432.png 768w, https:\/\/barcelona.wordcamp.org\/2023\/files\/2023\/04\/15-500x281.png 500w, https:\/\/barcelona.wordcamp.org\/2023\/files\/2023\/04\/15-1536x864.png 1536w, https:\/\/barcelona.wordcamp.org\/2023\/files\/2023\/04\/15.png 1600w\" sizes=\"auto, (max-width: 1024px) 100vw, 1024px\" \/><\/figure><div class=\"wp-block-media-text__content\">\n<p class=\"wp-block-paragraph\"><strong>Cardona<\/strong><\/p>\n\n\n\n<p class=\"wp-block-paragraph\">Cardona es un pueblo hist\u00f3rico conocido por su imponente castillo medieval y las minas de sal. Descubre la historia de la explotaci\u00f3n salinera y disfruta de las vistas panor\u00e1micas desde el castillo.<\/p>\n<\/div><\/div>\n\n\n\n<div class=\"wp-block-media-text alignwide has-media-on-the-right is-stacked-on-mobile\"><div class=\"wp-block-media-text__content\">\n<p class=\"wp-block-paragraph\"><br><strong>Parc Natural del Montseny<br><\/strong><\/p>\n\n\n\n<p class=\"wp-block-paragraph\">El Parc Natural del Montseny es una reserva de la biosfera de la UNESCO que se extiende por m\u00e1s de 30.000 hect\u00e1reas. Este parque ofrece una gran diversidad de paisajes, desde frondosos bosques hasta altas cumbres rocosas. En abril, podr\u00e1s disfrutar de la belleza de la primavera mientras caminas por sus senderos y te sumerges en la naturaleza.<\/p>\n<\/div><figure class=\"wp-block-media-text__media\"><img loading=\"lazy\" decoding=\"async\" width=\"1024\" height=\"576\" src=\"https:\/\/barcelona.wordcamp.org\/2023\/files\/2023\/04\/16-1024x576.png\" alt=\"\" class=\"wp-image-8147 size-full\" srcset=\"https:\/\/barcelona.wordcamp.org\/2023\/files\/2023\/04\/16-1024x576.png 1024w, https:\/\/barcelona.wordcamp.org\/2023\/files\/2023\/04\/16-300x169.png 300w, https:\/\/barcelona.wordcamp.org\/2023\/files\/2023\/04\/16-768x432.png 768w, https:\/\/barcelona.wordcamp.org\/2023\/files\/2023\/04\/16-500x281.png 500w, https:\/\/barcelona.wordcamp.org\/2023\/files\/2023\/04\/16-1536x864.png 1536w, https:\/\/barcelona.wordcamp.org\/2023\/files\/2023\/04\/16.png 1600w\" sizes=\"auto, (max-width: 1024px) 100vw, 1024px\" \/><\/figure><\/div>\n<\/div>\n\n\n\n<p class=\"wp-block-paragraph\">Esperamos que esta gu\u00eda te ayude a aprovechar m\u00e1s tu visita a Catalu\u00f1a durante la WordCamp Barcelona. <\/p>\n\n\n\n<p class=\"wp-block-paragraph\">El equipo de WordCamp Barcelona espera que disfrutes de nuestra regi\u00f3n. \u00bfYa te has apuntado a nuestro <a href=\"https:\/\/t.me\/+iMFHOwUPRuVkNjBk\">grupo de Telegram<\/a>?<\/p>\n","protected":false},"excerpt":{"rendered":"<p>\u00a1Bienvenidos a Catalunya! Si vas a visitar la WordCamp Barcelona y quieres aprovechar para hacer un poco de turismo, te invitamos a descubrir algunas de las maravillas de esta regi\u00f3n. Te presentamos una lista de lugares y actividades recomendadas para disfrutar al m\u00e1ximo de tu visita. \u263a Lleida Lleida La ciudad de Lleida es una [&hellip;]<\/p>\n","protected":false},"author":14304322,"featured_media":8379,"comment_status":"open","ping_status":"open","sticky":false,"template":"wp-custom-template-plantilla-single-blog-esp","format":"standard","meta":{"_crdt_document":"","jetpack_post_was_ever_published":false,"_jetpack_newsletter_access":"","_jetpack_dont_email_post_to_subs":false,"_jetpack_newsletter_tier_id":0,"_jetpack_memberships_contains_paywalled_content":false,"_jetpack_memberships_contains_paid_content":false,"footnotes":""},"categories":[1079855],"tags":[],"class_list":["post-8058","post","type-post","status-publish","format-standard","has-post-thumbnail","hentry","category-noticias-esp"],"jetpack_featured_media_url":"https:\/\/barcelona.wordcamp.org\/2023\/files\/2023\/04\/turisme-cat.png","jetpack_sharing_enabled":true,"_links":{"self":[{"href":"https:\/\/barcelona.wordcamp.org\/2023\/wp-json\/wp\/v2\/posts\/8058","targetHints":{"allow":["GET"]}}],"collection":[{"href":"https:\/\/barcelona.wordcamp.org\/2023\/wp-json\/wp\/v2\/posts"}],"about":[{"href":"https:\/\/barcelona.wordcamp.org\/2023\/wp-json\/wp\/v2\/types\/post"}],"author":[{"embeddable":true,"href":"https:\/\/barcelona.wordcamp.org\/2023\/wp-json\/wp\/v2\/users\/14304322"}],"replies":[{"embeddable":true,"href":"https:\/\/barcelona.wordcamp.org\/2023\/wp-json\/wp\/v2\/comments?post=8058"}],"version-history":[{"count":9,"href":"https:\/\/barcelona.wordcamp.org\/2023\/wp-json\/wp\/v2\/posts\/8058\/revisions"}],"predecessor-version":[{"id":8166,"href":"https:\/\/barcelona.wordcamp.org\/2023\/wp-json\/wp\/v2\/posts\/8058\/revisions\/8166"}],"wp:featuredmedia":[{"embeddable":true,"href":"https:\/\/barcelona.wordcamp.org\/2023\/wp-json\/wp\/v2\/media\/8379"}],"wp:attachment":[{"href":"https:\/\/barcelona.wordcamp.org\/2023\/wp-json\/wp\/v2\/media?parent=8058"}],"wp:term":[{"taxonomy":"category","embeddable":true,"href":"https:\/\/barcelona.wordcamp.org\/2023\/wp-json\/wp\/v2\/categories?post=8058"},{"taxonomy":"post_tag","embeddable":true,"href":"https:\/\/barcelona.wordcamp.org\/2023\/wp-json\/wp\/v2\/tags?post=8058"}],"curies":[{"name":"wp","href":"https:\/\/api.w.org\/{rel}","templated":true}]}}